{"id":15466,"date":"2026-04-29T08:08:52","date_gmt":"2026-04-29T08:08:52","guid":{"rendered":"https:\/\/prosolia.com\/?p=15466"},"modified":"2026-04-29T11:36:07","modified_gmt":"2026-04-29T11:36:07","slug":"almacenamiento-energetico-espana-contexto-proyectos","status":"publish","type":"post","link":"https:\/\/prosolia.com\/es\/almacenamiento-energetico-espana-contexto-proyectos\/","title":{"rendered":"Almacenamiento energ\u00e9tico: claves en el contexto actual del sistema el\u00e9ctrico"},"content":{"rendered":"\n<p>Espa\u00f1a avanza hacia un modelo energ\u00e9tico cada vez m\u00e1s renovable. El objetivo fijado para 2030 es claro: alcanzar un mix el\u00e9ctrico con una elevada penetraci\u00f3n de fuentes limpias y disponer de 22,5 GW de capacidad de almacenamiento energ\u00e9tico que permitan garantizar la estabilidad del sistema.<\/p>\n\n\n\n<p>Esta cifra no responde solo a una planificaci\u00f3n a largo plazo, sino a una necesidad real del sistema el\u00e9ctrico actual. A medida que aumenta el peso de la generaci\u00f3n renovable, especialmente la solar y la e\u00f3lica, el reto deja de estar \u00fanicamente en producir energ\u00eda limpia y pasa a centrarse en c\u00f3mo gestionarla de forma segura, flexible y equilibrada.<\/p>\n\n\n\n<h2 class=\"wp-block-heading\">Un sistema renovable necesita almacenamiento<\/h2>\n\n\n\n<p>La generaci\u00f3n renovable es, por naturaleza, variable. Produce cuando hay sol o viento, no necesariamente cuando la demanda lo requiere. En un sistema donde las renovables ya representan una parte mayoritaria de la generaci\u00f3n, esta desalineaci\u00f3n se vuelve cr\u00edtica.<\/p>\n\n\n\n<p>El almacenamiento energ\u00e9tico permite absorber excedentes de energ\u00eda cuando la generaci\u00f3n es alta y liberarla cuando el sistema la necesita. Sin esta capacidad, el sistema pierde margen de maniobra y se vuelve m\u00e1s vulnerable ante desequilibrios. Episodios recientes en el sistema el\u00e9ctrico han vuelto a poner de manifiesto esta realidad: el almacenamiento ya no es una tecnolog\u00eda de apoyo, sino una infraestructura esencial para la seguridad y estabilidad del sistema.<\/p>\n\n\n\n<h2 class=\"wp-block-heading\">Una brecha entre objetivos y realidad<\/h2>\n\n\n\n<p>A pesar de la claridad del objetivo \u201422,5 GW de almacenamiento en 2030\u2014 la capacidad actualmente instalada est\u00e1 a\u00fan lejos de ese volumen. Cerrar esta brecha en apenas cinco a\u00f1os exige un ritmo de despliegue sin precedentes en el sistema energ\u00e9tico espa\u00f1ol.<\/p>\n\n\n\n<p>Para que este objetivo sea alcanzable, no basta con planificaci\u00f3n. Es necesario acelerar la ejecuci\u00f3n de proyectos reales, bien integrados en el sistema y capaces de aportar valor operativo desde el corto plazo.<\/p>\n\n\n\n<h2 class=\"wp-block-heading\">Un marco regulatorio que facilita el despliegue<\/h2>\n\n\n\n<p>En este contexto, el marco regulatorio espa\u00f1ol ha comenzado a adaptarse para impulsar el almacenamiento energ\u00e9tico. En los \u00faltimos meses se han introducido cambios relevantes que buscan eliminar barreras y acelerar tiempos.<\/p>\n\n\n\n<p>El almacenamiento con inyecci\u00f3n a red ha pasado a considerarse de utilidad p\u00fablica, equipar\u00e1ndose en estatus a la generaci\u00f3n renovable. Se ha agilizado la tramitaci\u00f3n de proyectos hibridados, especialmente cuando el almacenamiento se integra en plantas existentes, y se prioriza el despacho de energ\u00eda renovable combinada con bater\u00edas. Adem\u00e1s, se refuerza el seguimiento del sistema mediante informes peri\u00f3dicos sobre control de tensi\u00f3n.<\/p>\n\n\n\n<p>El enfoque es claro: favorecer soluciones que aprovechen infraestructuras ya operativas, reduzcan el impacto ambiental y acorten los plazos de desarrollo.<\/p>\n\n\n\n<h2 class=\"wp-block-heading\">Hibridaci\u00f3n y ejecuci\u00f3n: del marco normativo a la realidad<\/h2>\n\n\n\n<p>La integraci\u00f3n de almacenamiento en proyectos existentes, especialmente en el \u00e1mbito industrial, se perfila como una de las v\u00edas m\u00e1s eficaces para avanzar con rapidez. La hibridaci\u00f3n permite incorporar flexibilidad energ\u00e9tica sin partir de cero, alineando generaci\u00f3n, consumo y gesti\u00f3n del sistema.<\/p>\n\n\n\n<p>En este contexto se sit\u00faa uno de los proyectos desarrollados recientemente por Prosolia Energy en Espa\u00f1a para un grupo industrial del sector agroalimentario, donde el almacenamiento forma parte central del dise\u00f1o energ\u00e9tico.<\/p>\n\n\n\n<p>El proyecto integra 4 MWp de generaci\u00f3n fotovoltaica, distribuidos en distintos emplazamientos, junto con 19,55 MWh de almacenamiento energ\u00e9tico con bater\u00edas. Esta configuraci\u00f3n permite acompasar la producci\u00f3n renovable con los periodos reales de consumo industrial, aportando mayor equilibrio operativo y una mejor interacci\u00f3n con el sistema el\u00e9ctrico.<\/p>\n\n\n\n<h2 class=\"wp-block-heading\">Cuando producir no es suficiente<\/h2>\n\n\n\n<p>Durante los \u00faltimos a\u00f1os, la industria ha avanzado de forma notable en el desarrollo de autoconsumo renovable. Hoy, el siguiente paso est\u00e1 en gestionar la energ\u00eda de forma m\u00e1s inteligente, incorporando el tiempo como una variable estrat\u00e9gica.<\/p>\n\n\n\n<p>La generaci\u00f3n fotovoltaica aporta constancia. El almacenamiento introduce tiempo. Y entre ambos aparece algo clave: capacidad de decisi\u00f3n. Decidir cu\u00e1ndo utilizar la energ\u00eda, cu\u00e1ndo almacenarla y c\u00f3mo interactuar con el sistema permite avanzar hacia modelos energ\u00e9ticos m\u00e1s estables, resilientes y alineados con la actividad productiva.<\/p>\n\n\n\n<h2 class=\"wp-block-heading\">El reto ya no es conceptual, sino operativo<\/h2>\n\n\n\n<p>Con objetivos claros, un marco regulatorio m\u00e1s alineado y un creciente inter\u00e9s del mercado, el principal desaf\u00edo del almacenamiento energ\u00e9tico en Espa\u00f1a es hoy la capacidad de ejecuci\u00f3n. Transformar planificaci\u00f3n y regulaci\u00f3n en proyectos en operaci\u00f3n ser\u00e1 determinante para cumplir los objetivos de esta d\u00e9cada.<\/p>\n\n\n\n<p>Desde Prosolia Energy, el almacenamiento se aborda como una parte integral de las soluciones energ\u00e9ticas, incorpor\u00e1ndose all\u00ed donde aporta sentido operativo y coherencia al conjunto del sistema. Porque en un modelo cada vez m\u00e1s renovable, la energ\u00eda no solo debe ser limpia, sino tambi\u00e9n gestionable, flexible y preparada para responder a los retos del presente.<\/p>\n","protected":false},"excerpt":{"rendered":"<p>Espa\u00f1a avanza hacia un modelo energ\u00e9tico cada vez m\u00e1s renovable. El objetivo fijado para 2030 es claro: alcanzar un mix&#8230;<\/p>\n","protected":false},"author":6,"featured_media":15489,"comment_status":"open","ping_status":"open","sticky":false,"template":"","format":"standard","meta":{"_acf_changed":false,"footnotes":""},"categories":[11],"tags":[898,899,900,901,902,903,904,905,906,907,908],"class_list":["post-15466","post","type-post","status-publish","format-standard","has-post-thumbnail","hentry","category-blog","tag-energiaespana","tag-sistemaelectrico","tag-renovables","tag-bess-2","tag-hibridacion","tag-energiaindustrial","tag-autoconsumo","tag-almacenamientoenergetico","tag-baterias","tag-transicionenergetica","tag-gestionenergetica"],"acf":[],"yoast_head":"<!-- This site is optimized with the Yoast SEO plugin v27.1.1 - https:\/\/yoast.com\/product\/yoast-seo-wordpress\/ -->\n<title>Almacenamiento energ\u00e9tico: claves en el contexto actual del sistema el\u00e9ctrico - Prosolia Energy<\/title>\n<meta name=\"description\" content=\"El almacenamiento energ\u00e9tico es clave para la estabilidad del sistema el\u00e9ctrico. Analizamos el contexto actual en Espa\u00f1a y proyectos industriales en operaci\u00f3n.\" \/>\n<meta name=\"robots\" content=\"index, follow, max-snippet:-1, max-image-preview:large, max-video-preview:-1\" \/>\n<link rel=\"canonical\" href=\"https:\/\/prosolia.com\/es\/almacenamiento-energetico-espana-contexto-proyectos\/\" \/>\n<meta property=\"og:locale\" content=\"es_ES\" \/>\n<meta property=\"og:type\" content=\"article\" \/>\n<meta property=\"og:title\" content=\"Almacenamiento energ\u00e9tico: claves en el contexto actual del sistema el\u00e9ctrico - Prosolia Energy\" \/>\n<meta property=\"og:description\" content=\"El almacenamiento energ\u00e9tico es clave para la estabilidad del sistema el\u00e9ctrico. Analizamos el contexto actual en Espa\u00f1a y proyectos industriales en operaci\u00f3n.\" \/>\n<meta property=\"og:url\" content=\"https:\/\/prosolia.com\/es\/almacenamiento-energetico-espana-contexto-proyectos\/\" \/>\n<meta property=\"og:site_name\" content=\"Prosolia Energy\" \/>\n<meta property=\"article:published_time\" content=\"2026-04-29T08:08:52+00:00\" \/>\n<meta property=\"article:modified_time\" content=\"2026-04-29T11:36:07+00:00\" \/>\n<meta property=\"og:image\" content=\"https:\/\/prosolia.com\/app\/uploads\/2026\/04\/Diseno-sin-titulo-4.png\" \/>\n\t<meta property=\"og:image:width\" content=\"1280\" \/>\n\t<meta property=\"og:image:height\" content=\"1280\" \/>\n\t<meta property=\"og:image:type\" content=\"image\/png\" \/>\n<meta name=\"author\" content=\"Prosolia\" \/>\n<meta name=\"twitter:card\" content=\"summary_large_image\" \/>\n<meta name=\"twitter:creator\" content=\"@prosoliae\" \/>\n<meta name=\"twitter:site\" content=\"@prosoliae\" \/>\n<meta name=\"twitter:label1\" content=\"Written by\" \/>\n\t<meta name=\"twitter:data1\" content=\"Prosolia\" \/>\n\t<meta name=\"twitter:label2\" content=\"Est. reading time\" \/>\n\t<meta name=\"twitter:data2\" content=\"4 minutes\" \/>\n<script type=\"application\/ld+json\" class=\"yoast-schema-graph\">{\"@context\":\"https:\/\/schema.org\",\"@graph\":[{\"@type\":\"Article\",\"@id\":\"https:\/\/prosolia.com\/es\/almacenamiento-energetico-espana-contexto-proyectos\/#article\",\"isPartOf\":{\"@id\":\"https:\/\/prosolia.com\/es\/almacenamiento-energetico-espana-contexto-proyectos\/\"},\"author\":{\"name\":\"Prosolia\",\"@id\":\"http:\/\/prosolia.com\/es\/#\/schema\/person\/e453697534708414067cd43bd0c00fe3\"},\"headline\":\"Almacenamiento energ\u00e9tico: claves en el contexto actual del sistema el\u00e9ctrico\",\"datePublished\":\"2026-04-29T08:08:52+00:00\",\"dateModified\":\"2026-04-29T11:36:07+00:00\",\"mainEntityOfPage\":{\"@id\":\"https:\/\/prosolia.com\/es\/almacenamiento-energetico-espana-contexto-proyectos\/\"},\"wordCount\":839,\"commentCount\":0,\"publisher\":{\"@id\":\"http:\/\/prosolia.com\/es\/#organization\"},\"image\":{\"@id\":\"https:\/\/prosolia.com\/es\/almacenamiento-energetico-espana-contexto-proyectos\/#primaryimage\"},\"thumbnailUrl\":\"https:\/\/prosolia.com\/app\/uploads\/2026\/04\/Diseno-sin-titulo-4.png\",\"keywords\":[\"#Energ\u00edaEspa\u00f1a\",\"#SistemaEl\u00e9ctrico\",\"#Renovables\",\"#BESS\",\"#Hibridaci\u00f3n\",\"#Energ\u00edaIndustrial\",\"#Autoconsumo\",\"#AlmacenamientoEnerg\u00e9tico\",\"#Bater\u00edas\",\"#Transici\u00f3nEnerg\u00e9tica\",\"#Gesti\u00f3nEnerg\u00e9tica\"],\"articleSection\":[\"Blog\"],\"inLanguage\":\"es-ES\",\"potentialAction\":[{\"@type\":\"CommentAction\",\"name\":\"Comment\",\"target\":[\"https:\/\/prosolia.com\/es\/almacenamiento-energetico-espana-contexto-proyectos\/#respond\"]}]},{\"@type\":\"WebPage\",\"@id\":\"https:\/\/prosolia.com\/es\/almacenamiento-energetico-espana-contexto-proyectos\/\",\"url\":\"https:\/\/prosolia.com\/es\/almacenamiento-energetico-espana-contexto-proyectos\/\",\"name\":\"Almacenamiento energ\u00e9tico: claves en el contexto actual del sistema el\u00e9ctrico - Prosolia Energy\",\"isPartOf\":{\"@id\":\"http:\/\/prosolia.com\/es\/#website\"},\"primaryImageOfPage\":{\"@id\":\"https:\/\/prosolia.com\/es\/almacenamiento-energetico-espana-contexto-proyectos\/#primaryimage\"},\"image\":{\"@id\":\"https:\/\/prosolia.com\/es\/almacenamiento-energetico-espana-contexto-proyectos\/#primaryimage\"},\"thumbnailUrl\":\"https:\/\/prosolia.com\/app\/uploads\/2026\/04\/Diseno-sin-titulo-4.png\",\"datePublished\":\"2026-04-29T08:08:52+00:00\",\"dateModified\":\"2026-04-29T11:36:07+00:00\",\"description\":\"El almacenamiento energ\u00e9tico es clave para la estabilidad del sistema el\u00e9ctrico. Analizamos el contexto actual en Espa\u00f1a y proyectos industriales en operaci\u00f3n.\",\"breadcrumb\":{\"@id\":\"https:\/\/prosolia.com\/es\/almacenamiento-energetico-espana-contexto-proyectos\/#breadcrumb\"},\"inLanguage\":\"es-ES\",\"potentialAction\":[{\"@type\":\"ReadAction\",\"target\":[\"https:\/\/prosolia.com\/es\/almacenamiento-energetico-espana-contexto-proyectos\/\"]}]},{\"@type\":\"ImageObject\",\"inLanguage\":\"es-ES\",\"@id\":\"https:\/\/prosolia.com\/es\/almacenamiento-energetico-espana-contexto-proyectos\/#primaryimage\",\"url\":\"https:\/\/prosolia.com\/app\/uploads\/2026\/04\/Diseno-sin-titulo-4.png\",\"contentUrl\":\"https:\/\/prosolia.com\/app\/uploads\/2026\/04\/Diseno-sin-titulo-4.png\",\"width\":1280,\"height\":1280,\"caption\":\"BESS\"},{\"@type\":\"BreadcrumbList\",\"@id\":\"https:\/\/prosolia.com\/es\/almacenamiento-energetico-espana-contexto-proyectos\/#breadcrumb\",\"itemListElement\":[{\"@type\":\"ListItem\",\"position\":1,\"name\":\"Home\",\"item\":\"https:\/\/prosolia.com\/es\/\"},{\"@type\":\"ListItem\",\"position\":2,\"name\":\"Almacenamiento energ\u00e9tico: claves en el contexto actual del sistema el\u00e9ctrico\"}]},{\"@type\":\"WebSite\",\"@id\":\"http:\/\/prosolia.com\/es\/#website\",\"url\":\"http:\/\/prosolia.com\/es\/\",\"name\":\"Prosolia Energy\",\"description\":\"Prosolia Energy es una empresa l\u00edder en energ\u00edas renovables, especializada en soluciones descarbonizadas que incluyen proyectos fotovoltaicos, e\u00f3licos y de almacenamiento energ\u00e9tico\",\"publisher\":{\"@id\":\"http:\/\/prosolia.com\/es\/#organization\"},\"potentialAction\":[{\"@type\":\"SearchAction\",\"target\":{\"@type\":\"EntryPoint\",\"urlTemplate\":\"http:\/\/prosolia.com\/es\/?s={search_term_string}\"},\"query-input\":{\"@type\":\"PropertyValueSpecification\",\"valueRequired\":true,\"valueName\":\"search_term_string\"}}],\"inLanguage\":\"es-ES\"},{\"@type\":\"Organization\",\"@id\":\"http:\/\/prosolia.com\/es\/#organization\",\"name\":\"Prosolia Energy\",\"url\":\"http:\/\/prosolia.com\/es\/\",\"logo\":{\"@type\":\"ImageObject\",\"inLanguage\":\"es-ES\",\"@id\":\"http:\/\/prosolia.com\/es\/#\/schema\/logo\/image\/\",\"url\":\"https:\/\/prosolia.com\/app\/uploads\/2026\/03\/brand-logo-primary.png\",\"contentUrl\":\"https:\/\/prosolia.com\/app\/uploads\/2026\/03\/brand-logo-primary.png\",\"width\":600,\"height\":600,\"caption\":\"Prosolia Energy\"},\"image\":{\"@id\":\"http:\/\/prosolia.com\/es\/#\/schema\/logo\/image\/\"},\"sameAs\":[\"https:\/\/x.com\/prosoliae\",\"https:\/\/www.instagram.com\/prosolia_energy\/\",\"https:\/\/es.linkedin.com\/company\/prosolia-energy-group\",\"https:\/\/www.youtube.com\/channel\/UCg-iDtdvSYu0xBqkhSs6aRw\"]},{\"@type\":\"Person\",\"@id\":\"http:\/\/prosolia.com\/es\/#\/schema\/person\/e453697534708414067cd43bd0c00fe3\",\"name\":\"Prosolia\",\"image\":{\"@type\":\"ImageObject\",\"inLanguage\":\"es-ES\",\"@id\":\"http:\/\/prosolia.com\/es\/#\/schema\/person\/image\/\",\"url\":\"https:\/\/secure.gravatar.com\/avatar\/ea55794047799788d64b5f89b18f74020568bea1fdcc2712f22877019fd66bfb?s=96&d=mm&r=g\",\"contentUrl\":\"https:\/\/secure.gravatar.com\/avatar\/ea55794047799788d64b5f89b18f74020568bea1fdcc2712f22877019fd66bfb?s=96&d=mm&r=g\",\"caption\":\"Prosolia\"},\"url\":\"https:\/\/prosolia.com\/es\/author\/prosoliaenergy\/\"}]}<\/script>\n<!-- \/ Yoast SEO plugin. -->","yoast_head_json":{"title":"Almacenamiento energ\u00e9tico: claves en el contexto actual del sistema el\u00e9ctrico - Prosolia Energy","description":"El almacenamiento energ\u00e9tico es clave para la estabilidad del sistema el\u00e9ctrico. Analizamos el contexto actual en Espa\u00f1a y proyectos industriales en operaci\u00f3n.","robots":{"index":"index","follow":"follow","max-snippet":"max-snippet:-1","max-image-preview":"max-image-preview:large","max-video-preview":"max-video-preview:-1"},"canonical":"https:\/\/prosolia.com\/es\/almacenamiento-energetico-espana-contexto-proyectos\/","og_locale":"es_ES","og_type":"article","og_title":"Almacenamiento energ\u00e9tico: claves en el contexto actual del sistema el\u00e9ctrico - Prosolia Energy","og_description":"El almacenamiento energ\u00e9tico es clave para la estabilidad del sistema el\u00e9ctrico. Analizamos el contexto actual en Espa\u00f1a y proyectos industriales en operaci\u00f3n.","og_url":"https:\/\/prosolia.com\/es\/almacenamiento-energetico-espana-contexto-proyectos\/","og_site_name":"Prosolia Energy","article_published_time":"2026-04-29T08:08:52+00:00","article_modified_time":"2026-04-29T11:36:07+00:00","og_image":[{"width":1280,"height":1280,"url":"https:\/\/prosolia.com\/app\/uploads\/2026\/04\/Diseno-sin-titulo-4.png","type":"image\/png"}],"author":"Prosolia","twitter_card":"summary_large_image","twitter_creator":"@prosoliae","twitter_site":"@prosoliae","twitter_misc":{"Written by":"Prosolia","Est. reading time":"4 minutes"},"schema":{"@context":"https:\/\/schema.org","@graph":[{"@type":"Article","@id":"https:\/\/prosolia.com\/es\/almacenamiento-energetico-espana-contexto-proyectos\/#article","isPartOf":{"@id":"https:\/\/prosolia.com\/es\/almacenamiento-energetico-espana-contexto-proyectos\/"},"author":{"name":"Prosolia","@id":"http:\/\/prosolia.com\/es\/#\/schema\/person\/e453697534708414067cd43bd0c00fe3"},"headline":"Almacenamiento energ\u00e9tico: claves en el contexto actual del sistema el\u00e9ctrico","datePublished":"2026-04-29T08:08:52+00:00","dateModified":"2026-04-29T11:36:07+00:00","mainEntityOfPage":{"@id":"https:\/\/prosolia.com\/es\/almacenamiento-energetico-espana-contexto-proyectos\/"},"wordCount":839,"commentCount":0,"publisher":{"@id":"http:\/\/prosolia.com\/es\/#organization"},"image":{"@id":"https:\/\/prosolia.com\/es\/almacenamiento-energetico-espana-contexto-proyectos\/#primaryimage"},"thumbnailUrl":"https:\/\/prosolia.com\/app\/uploads\/2026\/04\/Diseno-sin-titulo-4.png","keywords":["#Energ\u00edaEspa\u00f1a","#SistemaEl\u00e9ctrico","#Renovables","#BESS","#Hibridaci\u00f3n","#Energ\u00edaIndustrial","#Autoconsumo","#AlmacenamientoEnerg\u00e9tico","#Bater\u00edas","#Transici\u00f3nEnerg\u00e9tica","#Gesti\u00f3nEnerg\u00e9tica"],"articleSection":["Blog"],"inLanguage":"es-ES","potentialAction":[{"@type":"CommentAction","name":"Comment","target":["https:\/\/prosolia.com\/es\/almacenamiento-energetico-espana-contexto-proyectos\/#respond"]}]},{"@type":"WebPage","@id":"https:\/\/prosolia.com\/es\/almacenamiento-energetico-espana-contexto-proyectos\/","url":"https:\/\/prosolia.com\/es\/almacenamiento-energetico-espana-contexto-proyectos\/","name":"Almacenamiento energ\u00e9tico: claves en el contexto actual del sistema el\u00e9ctrico - Prosolia Energy","isPartOf":{"@id":"http:\/\/prosolia.com\/es\/#website"},"primaryImageOfPage":{"@id":"https:\/\/prosolia.com\/es\/almacenamiento-energetico-espana-contexto-proyectos\/#primaryimage"},"image":{"@id":"https:\/\/prosolia.com\/es\/almacenamiento-energetico-espana-contexto-proyectos\/#primaryimage"},"thumbnailUrl":"https:\/\/prosolia.com\/app\/uploads\/2026\/04\/Diseno-sin-titulo-4.png","datePublished":"2026-04-29T08:08:52+00:00","dateModified":"2026-04-29T11:36:07+00:00","description":"El almacenamiento energ\u00e9tico es clave para la estabilidad del sistema el\u00e9ctrico. Analizamos el contexto actual en Espa\u00f1a y proyectos industriales en operaci\u00f3n.","breadcrumb":{"@id":"https:\/\/prosolia.com\/es\/almacenamiento-energetico-espana-contexto-proyectos\/#breadcrumb"},"inLanguage":"es-ES","potentialAction":[{"@type":"ReadAction","target":["https:\/\/prosolia.com\/es\/almacenamiento-energetico-espana-contexto-proyectos\/"]}]},{"@type":"ImageObject","inLanguage":"es-ES","@id":"https:\/\/prosolia.com\/es\/almacenamiento-energetico-espana-contexto-proyectos\/#primaryimage","url":"https:\/\/prosolia.com\/app\/uploads\/2026\/04\/Diseno-sin-titulo-4.png","contentUrl":"https:\/\/prosolia.com\/app\/uploads\/2026\/04\/Diseno-sin-titulo-4.png","width":1280,"height":1280,"caption":"BESS"},{"@type":"BreadcrumbList","@id":"https:\/\/prosolia.com\/es\/almacenamiento-energetico-espana-contexto-proyectos\/#breadcrumb","itemListElement":[{"@type":"ListItem","position":1,"name":"Home","item":"https:\/\/prosolia.com\/es\/"},{"@type":"ListItem","position":2,"name":"Almacenamiento energ\u00e9tico: claves en el contexto actual del sistema el\u00e9ctrico"}]},{"@type":"WebSite","@id":"http:\/\/prosolia.com\/es\/#website","url":"http:\/\/prosolia.com\/es\/","name":"Prosolia Energy","description":"Prosolia Energy es una empresa l\u00edder en energ\u00edas renovables, especializada en soluciones descarbonizadas que incluyen proyectos fotovoltaicos, e\u00f3licos y de almacenamiento energ\u00e9tico","publisher":{"@id":"http:\/\/prosolia.com\/es\/#organization"},"potentialAction":[{"@type":"SearchAction","target":{"@type":"EntryPoint","urlTemplate":"http:\/\/prosolia.com\/es\/?s={search_term_string}"},"query-input":{"@type":"PropertyValueSpecification","valueRequired":true,"valueName":"search_term_string"}}],"inLanguage":"es-ES"},{"@type":"Organization","@id":"http:\/\/prosolia.com\/es\/#organization","name":"Prosolia Energy","url":"http:\/\/prosolia.com\/es\/","logo":{"@type":"ImageObject","inLanguage":"es-ES","@id":"http:\/\/prosolia.com\/es\/#\/schema\/logo\/image\/","url":"https:\/\/prosolia.com\/app\/uploads\/2026\/03\/brand-logo-primary.png","contentUrl":"https:\/\/prosolia.com\/app\/uploads\/2026\/03\/brand-logo-primary.png","width":600,"height":600,"caption":"Prosolia Energy"},"image":{"@id":"http:\/\/prosolia.com\/es\/#\/schema\/logo\/image\/"},"sameAs":["https:\/\/x.com\/prosoliae","https:\/\/www.instagram.com\/prosolia_energy\/","https:\/\/es.linkedin.com\/company\/prosolia-energy-group","https:\/\/www.youtube.com\/channel\/UCg-iDtdvSYu0xBqkhSs6aRw"]},{"@type":"Person","@id":"http:\/\/prosolia.com\/es\/#\/schema\/person\/e453697534708414067cd43bd0c00fe3","name":"Prosolia","image":{"@type":"ImageObject","inLanguage":"es-ES","@id":"http:\/\/prosolia.com\/es\/#\/schema\/person\/image\/","url":"https:\/\/secure.gravatar.com\/avatar\/ea55794047799788d64b5f89b18f74020568bea1fdcc2712f22877019fd66bfb?s=96&d=mm&r=g","contentUrl":"https:\/\/secure.gravatar.com\/avatar\/ea55794047799788d64b5f89b18f74020568bea1fdcc2712f22877019fd66bfb?s=96&d=mm&r=g","caption":"Prosolia"},"url":"https:\/\/prosolia.com\/es\/author\/prosoliaenergy\/"}]}},"_links":{"self":[{"href":"https:\/\/prosolia.com\/es\/wp-json\/wp\/v2\/posts\/15466","targetHints":{"allow":["GET"]}}],"collection":[{"href":"https:\/\/prosolia.com\/es\/wp-json\/wp\/v2\/posts"}],"about":[{"href":"https:\/\/prosolia.com\/es\/wp-json\/wp\/v2\/types\/post"}],"author":[{"embeddable":true,"href":"https:\/\/prosolia.com\/es\/wp-json\/wp\/v2\/users\/6"}],"replies":[{"embeddable":true,"href":"https:\/\/prosolia.com\/es\/wp-json\/wp\/v2\/comments?post=15466"}],"version-history":[{"count":1,"href":"https:\/\/prosolia.com\/es\/wp-json\/wp\/v2\/posts\/15466\/revisions"}],"predecessor-version":[{"id":15469,"href":"https:\/\/prosolia.com\/es\/wp-json\/wp\/v2\/posts\/15466\/revisions\/15469"}],"wp:featuredmedia":[{"embeddable":true,"href":"https:\/\/prosolia.com\/es\/wp-json\/wp\/v2\/media\/15489"}],"wp:attachment":[{"href":"https:\/\/prosolia.com\/es\/wp-json\/wp\/v2\/media?parent=15466"}],"wp:term":[{"taxonomy":"category","embeddable":true,"href":"https:\/\/prosolia.com\/es\/wp-json\/wp\/v2\/categories?post=15466"},{"taxonomy":"post_tag","embeddable":true,"href":"https:\/\/prosolia.com\/es\/wp-json\/wp\/v2\/tags?post=15466"}],"curies":[{"name":"wp","href":"https:\/\/api.w.org\/{rel}","templated":true}]}}