{"id":15471,"date":"2026-04-29T09:29:17","date_gmt":"2026-04-29T09:29:17","guid":{"rendered":"https:\/\/prosolia.com\/?p=15471"},"modified":"2026-04-29T09:30:33","modified_gmt":"2026-04-29T09:30:33","slug":"un-ano-despues-apagon-sistema-electrico-resiliente","status":"publish","type":"post","link":"https:\/\/prosolia.com\/es\/un-ano-despues-apagon-sistema-electrico-resiliente\/","title":{"rendered":"Un a\u00f1o despu\u00e9s del apag\u00f3n: lecciones para un sistema el\u00e9ctrico m\u00e1s resiliente"},"content":{"rendered":"\n<p>El <strong>28 de abril de 2025 a las 12:33 h<\/strong>, Espa\u00f1a vivi\u00f3 un cero el\u00e9ctrico sin precedentes. En apenas cinco segundos, <strong>15 GW desaparecieron de la red<\/strong>, representando alrededor del <strong>60\u202f% de la demanda peninsular<\/strong>. M\u00e1s all\u00e1 del impacto inmediato, el episodio abri\u00f3 una pregunta que sigue vigente un a\u00f1o despu\u00e9s:<br><strong>\u00bfestamos construyendo un sistema el\u00e9ctrico m\u00e1s resiliente o simplemente reaccionando a la urgencia?<\/strong><\/p>\n\n\n\n<p>Esta fue la cuesti\u00f3n central de la jornada t\u00e9cnica organizada por <strong>AVAESEN<\/strong>, en la que particip\u00f3 <strong>Javier Mart\u00ednez Sanz, CEO de Prosolia Energy<\/strong>, junto a representantes del sector energ\u00e9tico, industrial e institucional.<\/p>\n\n\n\n<h2 class=\"wp-block-heading\">El diagn\u00f3stico: un sistema renovable que necesita flexibilidad<\/h2>\n\n\n\n<p>En el momento del apag\u00f3n, las renovables representaban cerca del <strong>55\u202f% del mix el\u00e9ctrico<\/strong>, con una fuerte presencia de solar y e\u00f3lica. A diferencia de las tecnolog\u00edas convencionales basadas en m\u00e1quinas s\u00edncronas, estas fuentes no aportan <strong>inercia rotacional natural<\/strong>, lo que modifica la respuesta del sistema ante oscilaciones de tensi\u00f3n.<\/p>\n\n\n\n<p>Este hecho no cuestiona el papel de las renovables. Al contrario, define con claridad el <strong>reto de ingenier\u00eda<\/strong> al que se enfrenta el sistema el\u00e9ctrico del siglo XXI: incorporar flexibilidad, control y capacidad de respuesta en un entorno cada vez m\u00e1s limpio.<\/p>\n\n\n\n<h2 class=\"wp-block-heading\">Cambios regulatorios tras el cero el\u00e9ctrico<\/h2>\n\n\n\n<p>Un a\u00f1o despu\u00e9s, el marco regulatorio ha empezado a evolucionar para responder a esta realidad. Entre los principales avances se encuentran:<\/p>\n\n\n\n<p>&#8211; La <strong>declaraci\u00f3n de utilidad p\u00fablica del almacenamiento energ\u00e9tico<\/strong>, junto con la simplificaci\u00f3n de los procesos de hibridaci\u00f3n.<\/p>\n\n\n\n<p>&#8211; El refuerzo de la <strong>supervisi\u00f3n del sistema el\u00e9ctrico<\/strong>, con un papel m\u00e1s activo de la CNMC y la introducci\u00f3n de informes peri\u00f3dicos.<\/p>\n\n\n\n<p>&#8211; La revisi\u00f3n de los procedimientos de operaci\u00f3n, permitiendo que las renovables participen en el <strong>control din\u00e1mico de tensi\u00f3n<\/strong>.<\/p>\n\n\n\n<p>Son pasos relevantes, pero que requieren continuidad, coherencia y, sobre todo, ejecuci\u00f3n.<\/p>\n\n\n\n<h2 class=\"wp-block-heading\">Industria, competitividad y resiliencia<\/h2>\n\n\n\n<p>Durante la jornada de AVAESEN, uno de los mensajes m\u00e1s reiterados fue la necesidad de incorporar la visi\u00f3n de la <strong>industria electrointensiva<\/strong> al dise\u00f1o del sistema. Para estas empresas, la energ\u00eda no es solo un input operativo, sino un factor determinante de competitividad.<\/p>\n\n\n\n<p>Avanzar hacia una mayor autonom\u00eda energ\u00e9tica exige soluciones que combinen generaci\u00f3n renovable, almacenamiento, redes y regulaci\u00f3n estable. Sin estas piezas, la transici\u00f3n corre el riesgo de generar incertidumbre en lugar de oportunidad.<\/p>\n\n\n\n<p>Como se coment\u00f3 durante el debate, <em>un sistema el\u00e9ctrico del siglo XXI no puede operarse con herramientas del siglo XX<\/em>. La ventaja competitiva de Espa\u00f1a en energ\u00eda limpia y asequible es real, pero protegerla implica <strong>invertir en redes, almacenamiento y digitalizaci\u00f3n<\/strong>.<\/p>\n\n\n\n<h2 class=\"wp-block-heading\">Mirando hacia adelante<\/h2>\n\n\n\n<p>Un a\u00f1o despu\u00e9s del apag\u00f3n, el verdadero reto no es frenar la transici\u00f3n energ\u00e9tica, sino <strong>dotarla de la flexibilidad y resiliencia que necesita<\/strong>. La regulaci\u00f3n ha empezado a adaptarse, la tecnolog\u00eda est\u00e1 disponible y la industria reclama un marco claro para avanzar.<\/p>\n\n\n\n<p>Espacios de di\u00e1logo como el impulsado por AVAESEN son clave para alinear visiones y aprender de lo ocurrido. Porque solo desde la colaboraci\u00f3n entre administraci\u00f3n, sector energ\u00e9tico e industria ser\u00e1 posible construir un sistema el\u00e9ctrico robusto, competitivo y preparado para los desaf\u00edos futuros.<\/p>\n","protected":false},"excerpt":{"rendered":"<p>El 28 de abril de 2025 a las 12:33 h, Espa\u00f1a vivi\u00f3 un cero el\u00e9ctrico sin precedentes. En apenas cinco&#8230;<\/p>\n","protected":false},"author":6,"featured_media":15472,"comment_status":"open","ping_status":"open","sticky":false,"template":"","format":"standard","meta":{"_acf_changed":false,"footnotes":""},"categories":[11],"tags":[898,899,900,905,907,909,910,911,912,913],"class_list":["post-15471","post","type-post","status-publish","format-standard","has-post-thumbnail","hentry","category-blog","tag-energiaespana","tag-sistemaelectrico","tag-renovables","tag-almacenamientoenergetico","tag-transicionenergetica","tag-resilienciaenergetica","tag-industriaelectrointensiva","tag-gobernanzaenergetica","tag-regulacionenergetica","tag-avaesen-2"],"acf":[],"yoast_head":"<!-- This site is optimized with the Yoast SEO plugin v27.1.1 - https:\/\/yoast.com\/product\/yoast-seo-wordpress\/ -->\n<title>Un a\u00f1o despu\u00e9s del apag\u00f3n: lecciones para un sistema el\u00e9ctrico m\u00e1s resiliente - Prosolia Energy<\/title>\n<meta name=\"description\" content=\"Un a\u00f1o despu\u00e9s del apag\u00f3n de abril de 2025, analizamos las lecciones para construir un sistema el\u00e9ctrico m\u00e1s resiliente, flexible y competitivo.\" \/>\n<meta name=\"robots\" content=\"index, follow, max-snippet:-1, max-image-preview:large, max-video-preview:-1\" \/>\n<link rel=\"canonical\" href=\"https:\/\/prosolia.com\/es\/un-ano-despues-apagon-sistema-electrico-resiliente\/\" \/>\n<meta property=\"og:locale\" content=\"es_ES\" \/>\n<meta property=\"og:type\" content=\"article\" \/>\n<meta property=\"og:title\" content=\"Un a\u00f1o despu\u00e9s del apag\u00f3n: lecciones para un sistema el\u00e9ctrico m\u00e1s resiliente - Prosolia Energy\" \/>\n<meta property=\"og:description\" content=\"Un a\u00f1o despu\u00e9s del apag\u00f3n de abril de 2025, analizamos las lecciones para construir un sistema el\u00e9ctrico m\u00e1s resiliente, flexible y competitivo.\" \/>\n<meta property=\"og:url\" content=\"https:\/\/prosolia.com\/es\/un-ano-despues-apagon-sistema-electrico-resiliente\/\" \/>\n<meta property=\"og:site_name\" content=\"Prosolia Energy\" \/>\n<meta property=\"article:published_time\" content=\"2026-04-29T09:29:17+00:00\" \/>\n<meta property=\"article:modified_time\" content=\"2026-04-29T09:30:33+00:00\" \/>\n<meta property=\"og:image\" content=\"https:\/\/prosolia.com\/app\/uploads\/2026\/04\/1776853509117.jpg\" \/>\n\t<meta property=\"og:image:width\" content=\"800\" \/>\n\t<meta property=\"og:image:height\" content=\"498\" \/>\n\t<meta property=\"og:image:type\" content=\"image\/jpeg\" \/>\n<meta name=\"author\" content=\"Prosolia\" \/>\n<meta name=\"twitter:card\" content=\"summary_large_image\" \/>\n<meta name=\"twitter:creator\" content=\"@prosoliae\" \/>\n<meta name=\"twitter:site\" content=\"@prosoliae\" \/>\n<meta name=\"twitter:label1\" content=\"Written by\" \/>\n\t<meta name=\"twitter:data1\" content=\"Prosolia\" \/>\n\t<meta name=\"twitter:label2\" content=\"Est. reading time\" \/>\n\t<meta name=\"twitter:data2\" content=\"3 minutes\" \/>\n<script type=\"application\/ld+json\" class=\"yoast-schema-graph\">{\"@context\":\"https:\/\/schema.org\",\"@graph\":[{\"@type\":\"Article\",\"@id\":\"https:\/\/prosolia.com\/es\/un-ano-despues-apagon-sistema-electrico-resiliente\/#article\",\"isPartOf\":{\"@id\":\"https:\/\/prosolia.com\/es\/un-ano-despues-apagon-sistema-electrico-resiliente\/\"},\"author\":{\"name\":\"Prosolia\",\"@id\":\"http:\/\/prosolia.com\/es\/#\/schema\/person\/e453697534708414067cd43bd0c00fe3\"},\"headline\":\"Un a\u00f1o despu\u00e9s del apag\u00f3n: lecciones para un sistema el\u00e9ctrico m\u00e1s resiliente\",\"datePublished\":\"2026-04-29T09:29:17+00:00\",\"dateModified\":\"2026-04-29T09:30:33+00:00\",\"mainEntityOfPage\":{\"@id\":\"https:\/\/prosolia.com\/es\/un-ano-despues-apagon-sistema-electrico-resiliente\/\"},\"wordCount\":580,\"commentCount\":0,\"publisher\":{\"@id\":\"http:\/\/prosolia.com\/es\/#organization\"},\"image\":{\"@id\":\"https:\/\/prosolia.com\/es\/un-ano-despues-apagon-sistema-electrico-resiliente\/#primaryimage\"},\"thumbnailUrl\":\"https:\/\/prosolia.com\/app\/uploads\/2026\/04\/1776853509117.jpg\",\"keywords\":[\"#Energ\u00edaEspa\u00f1a\",\"#SistemaEl\u00e9ctrico\",\"#Renovables\",\"#AlmacenamientoEnerg\u00e9tico\",\"#Transici\u00f3nEnerg\u00e9tica\",\"#ResilienciaEnerg\u00e9tica\",\"#IndustriaElectrointensiva\",\"#GobernanzaEnerg\u00e9tica\",\"#Regulaci\u00f3nEnerg\u00e9tica\",\"#AVAESEN\"],\"articleSection\":[\"Blog\"],\"inLanguage\":\"es-ES\",\"potentialAction\":[{\"@type\":\"CommentAction\",\"name\":\"Comment\",\"target\":[\"https:\/\/prosolia.com\/es\/un-ano-despues-apagon-sistema-electrico-resiliente\/#respond\"]}]},{\"@type\":\"WebPage\",\"@id\":\"https:\/\/prosolia.com\/es\/un-ano-despues-apagon-sistema-electrico-resiliente\/\",\"url\":\"https:\/\/prosolia.com\/es\/un-ano-despues-apagon-sistema-electrico-resiliente\/\",\"name\":\"Un a\u00f1o despu\u00e9s del apag\u00f3n: lecciones para un sistema el\u00e9ctrico m\u00e1s resiliente - Prosolia Energy\",\"isPartOf\":{\"@id\":\"http:\/\/prosolia.com\/es\/#website\"},\"primaryImageOfPage\":{\"@id\":\"https:\/\/prosolia.com\/es\/un-ano-despues-apagon-sistema-electrico-resiliente\/#primaryimage\"},\"image\":{\"@id\":\"https:\/\/prosolia.com\/es\/un-ano-despues-apagon-sistema-electrico-resiliente\/#primaryimage\"},\"thumbnailUrl\":\"https:\/\/prosolia.com\/app\/uploads\/2026\/04\/1776853509117.jpg\",\"datePublished\":\"2026-04-29T09:29:17+00:00\",\"dateModified\":\"2026-04-29T09:30:33+00:00\",\"description\":\"Un a\u00f1o despu\u00e9s del apag\u00f3n de abril de 2025, analizamos las lecciones para construir un sistema el\u00e9ctrico m\u00e1s resiliente, flexible y competitivo.\",\"breadcrumb\":{\"@id\":\"https:\/\/prosolia.com\/es\/un-ano-despues-apagon-sistema-electrico-resiliente\/#breadcrumb\"},\"inLanguage\":\"es-ES\",\"potentialAction\":[{\"@type\":\"ReadAction\",\"target\":[\"https:\/\/prosolia.com\/es\/un-ano-despues-apagon-sistema-electrico-resiliente\/\"]}]},{\"@type\":\"ImageObject\",\"inLanguage\":\"es-ES\",\"@id\":\"https:\/\/prosolia.com\/es\/un-ano-despues-apagon-sistema-electrico-resiliente\/#primaryimage\",\"url\":\"https:\/\/prosolia.com\/app\/uploads\/2026\/04\/1776853509117.jpg\",\"contentUrl\":\"https:\/\/prosolia.com\/app\/uploads\/2026\/04\/1776853509117.jpg\",\"width\":800,\"height\":498},{\"@type\":\"BreadcrumbList\",\"@id\":\"https:\/\/prosolia.com\/es\/un-ano-despues-apagon-sistema-electrico-resiliente\/#breadcrumb\",\"itemListElement\":[{\"@type\":\"ListItem\",\"position\":1,\"name\":\"Home\",\"item\":\"https:\/\/prosolia.com\/es\/\"},{\"@type\":\"ListItem\",\"position\":2,\"name\":\"Un a\u00f1o despu\u00e9s del apag\u00f3n: lecciones para un sistema el\u00e9ctrico m\u00e1s resiliente\"}]},{\"@type\":\"WebSite\",\"@id\":\"http:\/\/prosolia.com\/es\/#website\",\"url\":\"http:\/\/prosolia.com\/es\/\",\"name\":\"Prosolia Energy\",\"description\":\"Prosolia Energy es una empresa l\u00edder en energ\u00edas renovables, especializada en soluciones descarbonizadas que incluyen proyectos fotovoltaicos, e\u00f3licos y de almacenamiento energ\u00e9tico\",\"publisher\":{\"@id\":\"http:\/\/prosolia.com\/es\/#organization\"},\"potentialAction\":[{\"@type\":\"SearchAction\",\"target\":{\"@type\":\"EntryPoint\",\"urlTemplate\":\"http:\/\/prosolia.com\/es\/?s={search_term_string}\"},\"query-input\":{\"@type\":\"PropertyValueSpecification\",\"valueRequired\":true,\"valueName\":\"search_term_string\"}}],\"inLanguage\":\"es-ES\"},{\"@type\":\"Organization\",\"@id\":\"http:\/\/prosolia.com\/es\/#organization\",\"name\":\"Prosolia Energy\",\"url\":\"http:\/\/prosolia.com\/es\/\",\"logo\":{\"@type\":\"ImageObject\",\"inLanguage\":\"es-ES\",\"@id\":\"http:\/\/prosolia.com\/es\/#\/schema\/logo\/image\/\",\"url\":\"https:\/\/prosolia.com\/app\/uploads\/2026\/03\/brand-logo-primary.png\",\"contentUrl\":\"https:\/\/prosolia.com\/app\/uploads\/2026\/03\/brand-logo-primary.png\",\"width\":600,\"height\":600,\"caption\":\"Prosolia Energy\"},\"image\":{\"@id\":\"http:\/\/prosolia.com\/es\/#\/schema\/logo\/image\/\"},\"sameAs\":[\"https:\/\/x.com\/prosoliae\",\"https:\/\/www.instagram.com\/prosolia_energy\/\",\"https:\/\/es.linkedin.com\/company\/prosolia-energy-group\",\"https:\/\/www.youtube.com\/channel\/UCg-iDtdvSYu0xBqkhSs6aRw\"]},{\"@type\":\"Person\",\"@id\":\"http:\/\/prosolia.com\/es\/#\/schema\/person\/e453697534708414067cd43bd0c00fe3\",\"name\":\"Prosolia\",\"image\":{\"@type\":\"ImageObject\",\"inLanguage\":\"es-ES\",\"@id\":\"http:\/\/prosolia.com\/es\/#\/schema\/person\/image\/\",\"url\":\"https:\/\/secure.gravatar.com\/avatar\/ea55794047799788d64b5f89b18f74020568bea1fdcc2712f22877019fd66bfb?s=96&d=mm&r=g\",\"contentUrl\":\"https:\/\/secure.gravatar.com\/avatar\/ea55794047799788d64b5f89b18f74020568bea1fdcc2712f22877019fd66bfb?s=96&d=mm&r=g\",\"caption\":\"Prosolia\"},\"url\":\"https:\/\/prosolia.com\/es\/author\/prosoliaenergy\/\"}]}<\/script>\n<!-- \/ Yoast SEO plugin. -->","yoast_head_json":{"title":"Un a\u00f1o despu\u00e9s del apag\u00f3n: lecciones para un sistema el\u00e9ctrico m\u00e1s resiliente - Prosolia Energy","description":"Un a\u00f1o despu\u00e9s del apag\u00f3n de abril de 2025, analizamos las lecciones para construir un sistema el\u00e9ctrico m\u00e1s resiliente, flexible y competitivo.","robots":{"index":"index","follow":"follow","max-snippet":"max-snippet:-1","max-image-preview":"max-image-preview:large","max-video-preview":"max-video-preview:-1"},"canonical":"https:\/\/prosolia.com\/es\/un-ano-despues-apagon-sistema-electrico-resiliente\/","og_locale":"es_ES","og_type":"article","og_title":"Un a\u00f1o despu\u00e9s del apag\u00f3n: lecciones para un sistema el\u00e9ctrico m\u00e1s resiliente - Prosolia Energy","og_description":"Un a\u00f1o despu\u00e9s del apag\u00f3n de abril de 2025, analizamos las lecciones para construir un sistema el\u00e9ctrico m\u00e1s resiliente, flexible y competitivo.","og_url":"https:\/\/prosolia.com\/es\/un-ano-despues-apagon-sistema-electrico-resiliente\/","og_site_name":"Prosolia Energy","article_published_time":"2026-04-29T09:29:17+00:00","article_modified_time":"2026-04-29T09:30:33+00:00","og_image":[{"width":800,"height":498,"url":"https:\/\/prosolia.com\/app\/uploads\/2026\/04\/1776853509117.jpg","type":"image\/jpeg"}],"author":"Prosolia","twitter_card":"summary_large_image","twitter_creator":"@prosoliae","twitter_site":"@prosoliae","twitter_misc":{"Written by":"Prosolia","Est. reading time":"3 minutes"},"schema":{"@context":"https:\/\/schema.org","@graph":[{"@type":"Article","@id":"https:\/\/prosolia.com\/es\/un-ano-despues-apagon-sistema-electrico-resiliente\/#article","isPartOf":{"@id":"https:\/\/prosolia.com\/es\/un-ano-despues-apagon-sistema-electrico-resiliente\/"},"author":{"name":"Prosolia","@id":"http:\/\/prosolia.com\/es\/#\/schema\/person\/e453697534708414067cd43bd0c00fe3"},"headline":"Un a\u00f1o despu\u00e9s del apag\u00f3n: lecciones para un sistema el\u00e9ctrico m\u00e1s resiliente","datePublished":"2026-04-29T09:29:17+00:00","dateModified":"2026-04-29T09:30:33+00:00","mainEntityOfPage":{"@id":"https:\/\/prosolia.com\/es\/un-ano-despues-apagon-sistema-electrico-resiliente\/"},"wordCount":580,"commentCount":0,"publisher":{"@id":"http:\/\/prosolia.com\/es\/#organization"},"image":{"@id":"https:\/\/prosolia.com\/es\/un-ano-despues-apagon-sistema-electrico-resiliente\/#primaryimage"},"thumbnailUrl":"https:\/\/prosolia.com\/app\/uploads\/2026\/04\/1776853509117.jpg","keywords":["#Energ\u00edaEspa\u00f1a","#SistemaEl\u00e9ctrico","#Renovables","#AlmacenamientoEnerg\u00e9tico","#Transici\u00f3nEnerg\u00e9tica","#ResilienciaEnerg\u00e9tica","#IndustriaElectrointensiva","#GobernanzaEnerg\u00e9tica","#Regulaci\u00f3nEnerg\u00e9tica","#AVAESEN"],"articleSection":["Blog"],"inLanguage":"es-ES","potentialAction":[{"@type":"CommentAction","name":"Comment","target":["https:\/\/prosolia.com\/es\/un-ano-despues-apagon-sistema-electrico-resiliente\/#respond"]}]},{"@type":"WebPage","@id":"https:\/\/prosolia.com\/es\/un-ano-despues-apagon-sistema-electrico-resiliente\/","url":"https:\/\/prosolia.com\/es\/un-ano-despues-apagon-sistema-electrico-resiliente\/","name":"Un a\u00f1o despu\u00e9s del apag\u00f3n: lecciones para un sistema el\u00e9ctrico m\u00e1s resiliente - Prosolia Energy","isPartOf":{"@id":"http:\/\/prosolia.com\/es\/#website"},"primaryImageOfPage":{"@id":"https:\/\/prosolia.com\/es\/un-ano-despues-apagon-sistema-electrico-resiliente\/#primaryimage"},"image":{"@id":"https:\/\/prosolia.com\/es\/un-ano-despues-apagon-sistema-electrico-resiliente\/#primaryimage"},"thumbnailUrl":"https:\/\/prosolia.com\/app\/uploads\/2026\/04\/1776853509117.jpg","datePublished":"2026-04-29T09:29:17+00:00","dateModified":"2026-04-29T09:30:33+00:00","description":"Un a\u00f1o despu\u00e9s del apag\u00f3n de abril de 2025, analizamos las lecciones para construir un sistema el\u00e9ctrico m\u00e1s resiliente, flexible y competitivo.","breadcrumb":{"@id":"https:\/\/prosolia.com\/es\/un-ano-despues-apagon-sistema-electrico-resiliente\/#breadcrumb"},"inLanguage":"es-ES","potentialAction":[{"@type":"ReadAction","target":["https:\/\/prosolia.com\/es\/un-ano-despues-apagon-sistema-electrico-resiliente\/"]}]},{"@type":"ImageObject","inLanguage":"es-ES","@id":"https:\/\/prosolia.com\/es\/un-ano-despues-apagon-sistema-electrico-resiliente\/#primaryimage","url":"https:\/\/prosolia.com\/app\/uploads\/2026\/04\/1776853509117.jpg","contentUrl":"https:\/\/prosolia.com\/app\/uploads\/2026\/04\/1776853509117.jpg","width":800,"height":498},{"@type":"BreadcrumbList","@id":"https:\/\/prosolia.com\/es\/un-ano-despues-apagon-sistema-electrico-resiliente\/#breadcrumb","itemListElement":[{"@type":"ListItem","position":1,"name":"Home","item":"https:\/\/prosolia.com\/es\/"},{"@type":"ListItem","position":2,"name":"Un a\u00f1o despu\u00e9s del apag\u00f3n: lecciones para un sistema el\u00e9ctrico m\u00e1s resiliente"}]},{"@type":"WebSite","@id":"http:\/\/prosolia.com\/es\/#website","url":"http:\/\/prosolia.com\/es\/","name":"Prosolia Energy","description":"Prosolia Energy es una empresa l\u00edder en energ\u00edas renovables, especializada en soluciones descarbonizadas que incluyen proyectos fotovoltaicos, e\u00f3licos y de almacenamiento energ\u00e9tico","publisher":{"@id":"http:\/\/prosolia.com\/es\/#organization"},"potentialAction":[{"@type":"SearchAction","target":{"@type":"EntryPoint","urlTemplate":"http:\/\/prosolia.com\/es\/?s={search_term_string}"},"query-input":{"@type":"PropertyValueSpecification","valueRequired":true,"valueName":"search_term_string"}}],"inLanguage":"es-ES"},{"@type":"Organization","@id":"http:\/\/prosolia.com\/es\/#organization","name":"Prosolia Energy","url":"http:\/\/prosolia.com\/es\/","logo":{"@type":"ImageObject","inLanguage":"es-ES","@id":"http:\/\/prosolia.com\/es\/#\/schema\/logo\/image\/","url":"https:\/\/prosolia.com\/app\/uploads\/2026\/03\/brand-logo-primary.png","contentUrl":"https:\/\/prosolia.com\/app\/uploads\/2026\/03\/brand-logo-primary.png","width":600,"height":600,"caption":"Prosolia Energy"},"image":{"@id":"http:\/\/prosolia.com\/es\/#\/schema\/logo\/image\/"},"sameAs":["https:\/\/x.com\/prosoliae","https:\/\/www.instagram.com\/prosolia_energy\/","https:\/\/es.linkedin.com\/company\/prosolia-energy-group","https:\/\/www.youtube.com\/channel\/UCg-iDtdvSYu0xBqkhSs6aRw"]},{"@type":"Person","@id":"http:\/\/prosolia.com\/es\/#\/schema\/person\/e453697534708414067cd43bd0c00fe3","name":"Prosolia","image":{"@type":"ImageObject","inLanguage":"es-ES","@id":"http:\/\/prosolia.com\/es\/#\/schema\/person\/image\/","url":"https:\/\/secure.gravatar.com\/avatar\/ea55794047799788d64b5f89b18f74020568bea1fdcc2712f22877019fd66bfb?s=96&d=mm&r=g","contentUrl":"https:\/\/secure.gravatar.com\/avatar\/ea55794047799788d64b5f89b18f74020568bea1fdcc2712f22877019fd66bfb?s=96&d=mm&r=g","caption":"Prosolia"},"url":"https:\/\/prosolia.com\/es\/author\/prosoliaenergy\/"}]}},"_links":{"self":[{"href":"https:\/\/prosolia.com\/es\/wp-json\/wp\/v2\/posts\/15471","targetHints":{"allow":["GET"]}}],"collection":[{"href":"https:\/\/prosolia.com\/es\/wp-json\/wp\/v2\/posts"}],"about":[{"href":"https:\/\/prosolia.com\/es\/wp-json\/wp\/v2\/types\/post"}],"author":[{"embeddable":true,"href":"https:\/\/prosolia.com\/es\/wp-json\/wp\/v2\/users\/6"}],"replies":[{"embeddable":true,"href":"https:\/\/prosolia.com\/es\/wp-json\/wp\/v2\/comments?post=15471"}],"version-history":[{"count":2,"href":"https:\/\/prosolia.com\/es\/wp-json\/wp\/v2\/posts\/15471\/revisions"}],"predecessor-version":[{"id":15479,"href":"https:\/\/prosolia.com\/es\/wp-json\/wp\/v2\/posts\/15471\/revisions\/15479"}],"wp:featuredmedia":[{"embeddable":true,"href":"https:\/\/prosolia.com\/es\/wp-json\/wp\/v2\/media\/15472"}],"wp:attachment":[{"href":"https:\/\/prosolia.com\/es\/wp-json\/wp\/v2\/media?parent=15471"}],"wp:term":[{"taxonomy":"category","embeddable":true,"href":"https:\/\/prosolia.com\/es\/wp-json\/wp\/v2\/categories?post=15471"},{"taxonomy":"post_tag","embeddable":true,"href":"https:\/\/prosolia.com\/es\/wp-json\/wp\/v2\/tags?post=15471"}],"curies":[{"name":"wp","href":"https:\/\/api.w.org\/{rel}","templated":true}]}}