{"id":15325,"date":"2026-04-27T13:07:46","date_gmt":"2026-04-27T13:07:46","guid":{"rendered":"https:\/\/prosolia.com\/?p=15325"},"modified":"2026-04-27T13:07:47","modified_gmt":"2026-04-27T13:07:47","slug":"ppa-ibridi-fotovoltaico-bess-perche-nel-2026-saranno-la-scelta-strategica-per-le-imprese","status":"publish","type":"post","link":"https:\/\/prosolia.com\/it\/ppa-ibridi-fotovoltaico-bess-perche-nel-2026-saranno-la-scelta-strategica-per-le-imprese\/","title":{"rendered":"PPA ibridi fotovoltaico + BESS: perch\u00e9 nel 2026 saranno la scelta strategica per le imprese"},"content":{"rendered":"\n<div class=\"wp-block-group is-vertical is-content-justification-stretch is-layout-flex wp-container-core-group-is-layout-353c4f5a wp-block-group-is-layout-flex\">\n<p>Nel 2026 il sistema energetico italiano entrer\u00e0 in una fase sempre pi\u00f9 complessa: volatilit\u00e0 dei prezzi, maggiore pressione sulla rete, crescita delle rinnovabili non programmabili e nuove esigenze di stabilit\u00e0 per le imprese. <br>In questo contesto, non sar\u00e0 pi\u00f9 sufficiente \u201cacquistare energia\u201d. Diventer\u00e0 fondamentale <strong>gestirla, ottimizzarla e controllarla<\/strong>.<br>\u00c8 qui che entrano in gioco i <strong>PPA ibridi fotovoltaico + BESS<\/strong>, una soluzione che integra produzione e accumulo per trasformare l\u2019energia in una leva competitiva.<\/p>\n\n\n\n<h2 class=\"wp-block-heading\">Dalla dipendenza dalla rete all\u2019autonomia energetica: cosa sta cambiando davvero<\/h2>\n\n\n\n<p>Negli ultimi anni, molte aziende hanno iniziato a investire nel fotovoltaico per ridurre i costi energetici. Tuttavia, l&#8217;integrazione con sistemi di accumulo (BESS \u2013 Battery Energy Storage System) pemette di:<\/p>\n\n\n\n<ul class=\"wp-block-list\">\n<li>utilizzare l\u2019energia nelle ore di maggiore consumo<\/li>\n\n\n\n<li>ridurre i prelievi dalla rete<\/li>\n\n\n\n<li>gestire in modo attivo i flussi energetici<\/li>\n<\/ul>\n\n\n\n<p>Il passaggio \u00e8 chiaro: da produzione passiva a <strong>gestione intelligente dell\u2019energia<\/strong>.<\/p>\n\n\n\n<h2 class=\"wp-block-heading\"><strong>Una soluzione ai limiti dell&#8217;intermittenza<\/strong><strong><\/strong><\/h2>\n\n\n\n<p>Sebbene il fotovoltaico soddisfi oggi gran parte del fabbisogno industriale diurno, rimane condizionato dalle variabili meteorologiche e dal ciclo giorno-notte. I sistemi BESS rappresentano la risposta tecnica a questa sfida: permettono di immagazzinare l\u2019energia in eccesso per erogarla durante le ore non solari, ovvero le fasce orarie in cui i prezzi sono pi\u00f9 elevati. La combinazione Fotovoltaico+BESS \u00e8 la chiave per aiutare le imprese a massimizzare l&#8217;autoconsumo energetico.<\/p>\n\n\n\n<h2 class=\"wp-block-heading\"><strong>Una leva per l&#8217;ottimizzazione delle risorse finanziarie e la protezione.<\/strong><strong><\/strong><\/h2>\n\n\n\n<p>Oltre alle prestazioni tecniche, il BESS \u00e8 un vero e proprio strumento di gestione economica che permette alle aziende di affrancarsi dalla volatilit\u00e0 del mercato. Le leve principali per raggiungere questo obiettivo sono:<\/p>\n<\/div>\n\n\n\n<ul class=\"wp-block-list\">\n<li><strong>Arbitraggio energetico: <\/strong>accumulare elettricit\u00e0 quando i prezzi sono bassi per rilasciarla durante i periodi di picco.<\/li>\n<\/ul>\n\n\n\n<ul class=\"wp-block-list\">\n<li><strong>Riduzione della potenza contrattuale: <\/strong>livellare i picchi di consumo (peak shaving) per ridurre i costi fissi di accesso alla rete. Questo meccanismo di copertura funge da vera e propria &#8220;assicurazione energetica&#8221;, garantendo ai nostri clienti una maggiore stabilit\u00e0 e visibilit\u00e0 finanziaria nel lungo periodo. <\/li>\n<\/ul>\n\n\n\n<h2 class=\"wp-block-heading\"><strong>Configurazioni e flessibilit\u00e0 operativa.<\/strong><strong><\/strong><\/h2>\n\n\n\n<p>Prosolia implementa soluzioni su misura per ogni tipo di infrastruttura:<\/p>\n\n\n\n<ul class=\"wp-block-list\">\n<li><strong>Behind-the-meter (BTM)<\/strong>: installazione direttamente presso il sito del cliente per una riduzione immediata dei consumi dalla rete.<\/li>\n\n\n\n<li><strong>Front-of-the-meter (FTM):<\/strong> connessione diretta alla rete pubblica per ottimizzare la rivendita di energia su scala industriale (utility scale).<\/li>\n<\/ul>\n\n\n\n<h2 class=\"wp-block-heading\">Modelli di business orientati al cliente<\/h2>\n\n\n\n<p>Per accompagnare questa transizione, in Prosolia Energy offriamo diverse strutture contrattuali adattabili al profilo di rischio del cliente:<\/p>\n\n\n\n<ul class=\"wp-block-list\">\n<li><strong>Leasing operativo: <\/strong>Prosolia si occupa della gestione tecnica e dell&#8217;ottimizzazione, garantendo al cliente la massima disponibilit\u00e0 del sistema senza alcuna complessit\u00e0 operativa.<\/li>\n<\/ul>\n\n\n\n<ul class=\"wp-block-list\">\n<li><strong>PPA Ibrido:<\/strong> il PPA ibrido (FV+BESS) \u00e8 strutturato in modo che tutta l&#8217;energia fornita al cliente (sia essa di origine fotovoltaica o accumulata nei BESS) sia pagata allo stesso prezzo, per garantire la massima semplicit\u00e0 di gestione.<\/li>\n<\/ul>\n\n\n\n<p>Oggi le aziende non cercano pi\u00f9 solo infrastrutture, ma una gestione energetica avanzata capace di generare valore attivo.<\/p>\n\n\n\n<p>In conclusione,<strong> <\/strong>il BESS garantisce la flessibilit\u00e0 e la sicurezza nell&#8217;approvvigionamento che sono ormai indispensabili per la transizione energetica delle imprese.<\/p>\n\n\n\n<p><\/p>\n","protected":false},"excerpt":{"rendered":"<p>Nel 2026 il sistema energetico italiano entrer\u00e0 in una fase sempre pi\u00f9 complessa: volatilit\u00e0 dei prezzi, maggiore pressione sulla rete,&#8230;<\/p>\n","protected":false},"author":11,"featured_media":8867,"comment_status":"open","ping_status":"open","sticky":false,"template":"","format":"standard","meta":{"_acf_changed":false,"footnotes":""},"categories":[763],"tags":[515,531,627,795,796,880,881],"class_list":["post-15325","post","type-post","status-publish","format-standard","has-post-thumbnail","hentry","category-blog","tag-energia-rinnovabile","tag-bess","tag-prosolia-energy","tag-ipp","tag-autoconsumo-industriale","tag-ppa","tag-italia"],"acf":[],"yoast_head":"<!-- This site is optimized with the Yoast SEO plugin v27.1.1 - https:\/\/yoast.com\/product\/yoast-seo-wordpress\/ -->\n<title>PPA ibridi fotovoltaico + BESS: perch\u00e9 nel 2026 saranno la scelta strategica per le imprese - Prosolia Energy<\/title>\n<meta name=\"robots\" content=\"index, follow, max-snippet:-1, max-image-preview:large, max-video-preview:-1\" \/>\n<link rel=\"canonical\" href=\"https:\/\/prosolia.com\/it\/ppa-ibridi-fotovoltaico-bess-perche-nel-2026-saranno-la-scelta-strategica-per-le-imprese\/\" \/>\n<meta property=\"og:locale\" content=\"it_IT\" \/>\n<meta property=\"og:type\" content=\"article\" \/>\n<meta property=\"og:title\" content=\"PPA ibridi fotovoltaico + BESS: perch\u00e9 nel 2026 saranno la scelta strategica per le imprese - Prosolia Energy\" \/>\n<meta property=\"og:description\" content=\"Nel 2026 il sistema energetico italiano entrer\u00e0 in una fase sempre pi\u00f9 complessa: volatilit\u00e0 dei prezzi, maggiore pressione sulla rete,...\" \/>\n<meta property=\"og:url\" content=\"https:\/\/prosolia.com\/it\/ppa-ibridi-fotovoltaico-bess-perche-nel-2026-saranno-la-scelta-strategica-per-le-imprese\/\" \/>\n<meta property=\"og:site_name\" content=\"Prosolia Energy\" \/>\n<meta property=\"article:published_time\" content=\"2026-04-27T13:07:46+00:00\" \/>\n<meta property=\"article:modified_time\" content=\"2026-04-27T13:07:47+00:00\" \/>\n<meta property=\"og:image\" content=\"https:\/\/prosolia.com\/app\/uploads\/2026\/01\/Albispark-4-1024x576.png\" \/>\n\t<meta property=\"og:image:width\" content=\"1024\" \/>\n\t<meta property=\"og:image:height\" content=\"576\" \/>\n\t<meta property=\"og:image:type\" content=\"image\/png\" \/>\n<meta name=\"author\" content=\"Monica\" \/>\n<meta name=\"twitter:card\" content=\"summary_large_image\" \/>\n<meta name=\"twitter:creator\" content=\"@prosoliae\" \/>\n<meta name=\"twitter:site\" content=\"@prosoliae\" \/>\n<meta name=\"twitter:label1\" content=\"Written by\" \/>\n\t<meta name=\"twitter:data1\" content=\"Monica\" \/>\n\t<meta name=\"twitter:label2\" content=\"Est. reading time\" \/>\n\t<meta name=\"twitter:data2\" content=\"3 minutes\" \/>\n<script type=\"application\/ld+json\" class=\"yoast-schema-graph\">{\"@context\":\"https:\/\/schema.org\",\"@graph\":[{\"@type\":\"Article\",\"@id\":\"https:\/\/prosolia.com\/it\/ppa-ibridi-fotovoltaico-bess-perche-nel-2026-saranno-la-scelta-strategica-per-le-imprese\/#article\",\"isPartOf\":{\"@id\":\"https:\/\/prosolia.com\/it\/ppa-ibridi-fotovoltaico-bess-perche-nel-2026-saranno-la-scelta-strategica-per-le-imprese\/\"},\"author\":{\"name\":\"Monica\",\"@id\":\"http:\/\/prosolia.com\/it\/#\/schema\/person\/4db750adf250a9820ffe672eba7cc585\"},\"headline\":\"PPA ibridi fotovoltaico + BESS: perch\u00e9 nel 2026 saranno la scelta strategica per le imprese\",\"datePublished\":\"2026-04-27T13:07:46+00:00\",\"dateModified\":\"2026-04-27T13:07:47+00:00\",\"mainEntityOfPage\":{\"@id\":\"https:\/\/prosolia.com\/it\/ppa-ibridi-fotovoltaico-bess-perche-nel-2026-saranno-la-scelta-strategica-per-le-imprese\/\"},\"wordCount\":510,\"commentCount\":0,\"publisher\":{\"@id\":\"http:\/\/prosolia.com\/it\/#organization\"},\"image\":{\"@id\":\"https:\/\/prosolia.com\/it\/ppa-ibridi-fotovoltaico-bess-perche-nel-2026-saranno-la-scelta-strategica-per-le-imprese\/#primaryimage\"},\"thumbnailUrl\":\"https:\/\/prosolia.com\/app\/uploads\/2026\/01\/Albispark-4.png\",\"keywords\":[\"energia rinnovabile\",\"bess\",\"Prosolia Energy\",\"IPP\",\"autoconsumo industriale\",\"PPA\",\"Italia\"],\"articleSection\":[\"Blog\"],\"inLanguage\":\"it-IT\",\"potentialAction\":[{\"@type\":\"CommentAction\",\"name\":\"Comment\",\"target\":[\"https:\/\/prosolia.com\/it\/ppa-ibridi-fotovoltaico-bess-perche-nel-2026-saranno-la-scelta-strategica-per-le-imprese\/#respond\"]}]},{\"@type\":\"WebPage\",\"@id\":\"https:\/\/prosolia.com\/it\/ppa-ibridi-fotovoltaico-bess-perche-nel-2026-saranno-la-scelta-strategica-per-le-imprese\/\",\"url\":\"https:\/\/prosolia.com\/it\/ppa-ibridi-fotovoltaico-bess-perche-nel-2026-saranno-la-scelta-strategica-per-le-imprese\/\",\"name\":\"PPA ibridi fotovoltaico + BESS: perch\u00e9 nel 2026 saranno la scelta strategica per le imprese - Prosolia Energy\",\"isPartOf\":{\"@id\":\"http:\/\/prosolia.com\/it\/#website\"},\"primaryImageOfPage\":{\"@id\":\"https:\/\/prosolia.com\/it\/ppa-ibridi-fotovoltaico-bess-perche-nel-2026-saranno-la-scelta-strategica-per-le-imprese\/#primaryimage\"},\"image\":{\"@id\":\"https:\/\/prosolia.com\/it\/ppa-ibridi-fotovoltaico-bess-perche-nel-2026-saranno-la-scelta-strategica-per-le-imprese\/#primaryimage\"},\"thumbnailUrl\":\"https:\/\/prosolia.com\/app\/uploads\/2026\/01\/Albispark-4.png\",\"datePublished\":\"2026-04-27T13:07:46+00:00\",\"dateModified\":\"2026-04-27T13:07:47+00:00\",\"breadcrumb\":{\"@id\":\"https:\/\/prosolia.com\/it\/ppa-ibridi-fotovoltaico-bess-perche-nel-2026-saranno-la-scelta-strategica-per-le-imprese\/#breadcrumb\"},\"inLanguage\":\"it-IT\",\"potentialAction\":[{\"@type\":\"ReadAction\",\"target\":[\"https:\/\/prosolia.com\/it\/ppa-ibridi-fotovoltaico-bess-perche-nel-2026-saranno-la-scelta-strategica-per-le-imprese\/\"]}]},{\"@type\":\"ImageObject\",\"inLanguage\":\"it-IT\",\"@id\":\"https:\/\/prosolia.com\/it\/ppa-ibridi-fotovoltaico-bess-perche-nel-2026-saranno-la-scelta-strategica-per-le-imprese\/#primaryimage\",\"url\":\"https:\/\/prosolia.com\/app\/uploads\/2026\/01\/Albispark-4.png\",\"contentUrl\":\"https:\/\/prosolia.com\/app\/uploads\/2026\/01\/Albispark-4.png\",\"width\":1920,\"height\":1080},{\"@type\":\"BreadcrumbList\",\"@id\":\"https:\/\/prosolia.com\/it\/ppa-ibridi-fotovoltaico-bess-perche-nel-2026-saranno-la-scelta-strategica-per-le-imprese\/#breadcrumb\",\"itemListElement\":[{\"@type\":\"ListItem\",\"position\":1,\"name\":\"Home\",\"item\":\"https:\/\/prosolia.com\/it\/\"},{\"@type\":\"ListItem\",\"position\":2,\"name\":\"PPA ibridi fotovoltaico + BESS: perch\u00e9 nel 2026 saranno la scelta strategica per le imprese\"}]},{\"@type\":\"WebSite\",\"@id\":\"http:\/\/prosolia.com\/it\/#website\",\"url\":\"http:\/\/prosolia.com\/it\/\",\"name\":\"Prosolia Energy\",\"description\":\"Prosolia Energy \u00e8 un'azienda leader nel settore delle energie rinnovabili, specializzata in soluzioni decarbonizzate che includono progetti fotovoltaici, eolici e di accumulo di energia\",\"publisher\":{\"@id\":\"http:\/\/prosolia.com\/it\/#organization\"},\"potentialAction\":[{\"@type\":\"SearchAction\",\"target\":{\"@type\":\"EntryPoint\",\"urlTemplate\":\"http:\/\/prosolia.com\/it\/?s={search_term_string}\"},\"query-input\":{\"@type\":\"PropertyValueSpecification\",\"valueRequired\":true,\"valueName\":\"search_term_string\"}}],\"inLanguage\":\"it-IT\"},{\"@type\":\"Organization\",\"@id\":\"http:\/\/prosolia.com\/it\/#organization\",\"name\":\"Prosolia Energy\",\"url\":\"http:\/\/prosolia.com\/it\/\",\"logo\":{\"@type\":\"ImageObject\",\"inLanguage\":\"it-IT\",\"@id\":\"http:\/\/prosolia.com\/it\/#\/schema\/logo\/image\/\",\"url\":\"https:\/\/prosolia.com\/app\/uploads\/2026\/03\/brand-logo-primary.png\",\"contentUrl\":\"https:\/\/prosolia.com\/app\/uploads\/2026\/03\/brand-logo-primary.png\",\"width\":600,\"height\":600,\"caption\":\"Prosolia Energy\"},\"image\":{\"@id\":\"http:\/\/prosolia.com\/it\/#\/schema\/logo\/image\/\"},\"sameAs\":[\"https:\/\/x.com\/prosoliae\",\"https:\/\/www.instagram.com\/prosolia_energy\/\",\"https:\/\/es.linkedin.com\/company\/prosolia-energy-group\",\"https:\/\/www.youtube.com\/channel\/UCg-iDtdvSYu0xBqkhSs6aRw\"]},{\"@type\":\"Person\",\"@id\":\"http:\/\/prosolia.com\/it\/#\/schema\/person\/4db750adf250a9820ffe672eba7cc585\",\"name\":\"Monica\",\"image\":{\"@type\":\"ImageObject\",\"inLanguage\":\"it-IT\",\"@id\":\"http:\/\/prosolia.com\/it\/#\/schema\/person\/image\/\",\"url\":\"https:\/\/secure.gravatar.com\/avatar\/8a69480787a21a894410250b44bebb1fd0efb50277a643402ca3ad35f15cf567?s=96&d=mm&r=g\",\"contentUrl\":\"https:\/\/secure.gravatar.com\/avatar\/8a69480787a21a894410250b44bebb1fd0efb50277a643402ca3ad35f15cf567?s=96&d=mm&r=g\",\"caption\":\"Monica\"},\"url\":\"https:\/\/prosolia.com\/it\/author\/monicacafarelli\/\"}]}<\/script>\n<!-- \/ Yoast SEO plugin. -->","yoast_head_json":{"title":"PPA ibridi fotovoltaico + BESS: perch\u00e9 nel 2026 saranno la scelta strategica per le imprese - Prosolia Energy","robots":{"index":"index","follow":"follow","max-snippet":"max-snippet:-1","max-image-preview":"max-image-preview:large","max-video-preview":"max-video-preview:-1"},"canonical":"https:\/\/prosolia.com\/it\/ppa-ibridi-fotovoltaico-bess-perche-nel-2026-saranno-la-scelta-strategica-per-le-imprese\/","og_locale":"it_IT","og_type":"article","og_title":"PPA ibridi fotovoltaico + BESS: perch\u00e9 nel 2026 saranno la scelta strategica per le imprese - Prosolia Energy","og_description":"Nel 2026 il sistema energetico italiano entrer\u00e0 in una fase sempre pi\u00f9 complessa: volatilit\u00e0 dei prezzi, maggiore pressione sulla rete,...","og_url":"https:\/\/prosolia.com\/it\/ppa-ibridi-fotovoltaico-bess-perche-nel-2026-saranno-la-scelta-strategica-per-le-imprese\/","og_site_name":"Prosolia Energy","article_published_time":"2026-04-27T13:07:46+00:00","article_modified_time":"2026-04-27T13:07:47+00:00","og_image":[{"width":1024,"height":576,"url":"https:\/\/prosolia.com\/app\/uploads\/2026\/01\/Albispark-4-1024x576.png","type":"image\/png"}],"author":"Monica","twitter_card":"summary_large_image","twitter_creator":"@prosoliae","twitter_site":"@prosoliae","twitter_misc":{"Written by":"Monica","Est. reading time":"3 minutes"},"schema":{"@context":"https:\/\/schema.org","@graph":[{"@type":"Article","@id":"https:\/\/prosolia.com\/it\/ppa-ibridi-fotovoltaico-bess-perche-nel-2026-saranno-la-scelta-strategica-per-le-imprese\/#article","isPartOf":{"@id":"https:\/\/prosolia.com\/it\/ppa-ibridi-fotovoltaico-bess-perche-nel-2026-saranno-la-scelta-strategica-per-le-imprese\/"},"author":{"name":"Monica","@id":"http:\/\/prosolia.com\/it\/#\/schema\/person\/4db750adf250a9820ffe672eba7cc585"},"headline":"PPA ibridi fotovoltaico + BESS: perch\u00e9 nel 2026 saranno la scelta strategica per le imprese","datePublished":"2026-04-27T13:07:46+00:00","dateModified":"2026-04-27T13:07:47+00:00","mainEntityOfPage":{"@id":"https:\/\/prosolia.com\/it\/ppa-ibridi-fotovoltaico-bess-perche-nel-2026-saranno-la-scelta-strategica-per-le-imprese\/"},"wordCount":510,"commentCount":0,"publisher":{"@id":"http:\/\/prosolia.com\/it\/#organization"},"image":{"@id":"https:\/\/prosolia.com\/it\/ppa-ibridi-fotovoltaico-bess-perche-nel-2026-saranno-la-scelta-strategica-per-le-imprese\/#primaryimage"},"thumbnailUrl":"https:\/\/prosolia.com\/app\/uploads\/2026\/01\/Albispark-4.png","keywords":["energia rinnovabile","bess","Prosolia Energy","IPP","autoconsumo industriale","PPA","Italia"],"articleSection":["Blog"],"inLanguage":"it-IT","potentialAction":[{"@type":"CommentAction","name":"Comment","target":["https:\/\/prosolia.com\/it\/ppa-ibridi-fotovoltaico-bess-perche-nel-2026-saranno-la-scelta-strategica-per-le-imprese\/#respond"]}]},{"@type":"WebPage","@id":"https:\/\/prosolia.com\/it\/ppa-ibridi-fotovoltaico-bess-perche-nel-2026-saranno-la-scelta-strategica-per-le-imprese\/","url":"https:\/\/prosolia.com\/it\/ppa-ibridi-fotovoltaico-bess-perche-nel-2026-saranno-la-scelta-strategica-per-le-imprese\/","name":"PPA ibridi fotovoltaico + BESS: perch\u00e9 nel 2026 saranno la scelta strategica per le imprese - Prosolia Energy","isPartOf":{"@id":"http:\/\/prosolia.com\/it\/#website"},"primaryImageOfPage":{"@id":"https:\/\/prosolia.com\/it\/ppa-ibridi-fotovoltaico-bess-perche-nel-2026-saranno-la-scelta-strategica-per-le-imprese\/#primaryimage"},"image":{"@id":"https:\/\/prosolia.com\/it\/ppa-ibridi-fotovoltaico-bess-perche-nel-2026-saranno-la-scelta-strategica-per-le-imprese\/#primaryimage"},"thumbnailUrl":"https:\/\/prosolia.com\/app\/uploads\/2026\/01\/Albispark-4.png","datePublished":"2026-04-27T13:07:46+00:00","dateModified":"2026-04-27T13:07:47+00:00","breadcrumb":{"@id":"https:\/\/prosolia.com\/it\/ppa-ibridi-fotovoltaico-bess-perche-nel-2026-saranno-la-scelta-strategica-per-le-imprese\/#breadcrumb"},"inLanguage":"it-IT","potentialAction":[{"@type":"ReadAction","target":["https:\/\/prosolia.com\/it\/ppa-ibridi-fotovoltaico-bess-perche-nel-2026-saranno-la-scelta-strategica-per-le-imprese\/"]}]},{"@type":"ImageObject","inLanguage":"it-IT","@id":"https:\/\/prosolia.com\/it\/ppa-ibridi-fotovoltaico-bess-perche-nel-2026-saranno-la-scelta-strategica-per-le-imprese\/#primaryimage","url":"https:\/\/prosolia.com\/app\/uploads\/2026\/01\/Albispark-4.png","contentUrl":"https:\/\/prosolia.com\/app\/uploads\/2026\/01\/Albispark-4.png","width":1920,"height":1080},{"@type":"BreadcrumbList","@id":"https:\/\/prosolia.com\/it\/ppa-ibridi-fotovoltaico-bess-perche-nel-2026-saranno-la-scelta-strategica-per-le-imprese\/#breadcrumb","itemListElement":[{"@type":"ListItem","position":1,"name":"Home","item":"https:\/\/prosolia.com\/it\/"},{"@type":"ListItem","position":2,"name":"PPA ibridi fotovoltaico + BESS: perch\u00e9 nel 2026 saranno la scelta strategica per le imprese"}]},{"@type":"WebSite","@id":"http:\/\/prosolia.com\/it\/#website","url":"http:\/\/prosolia.com\/it\/","name":"Prosolia Energy","description":"Prosolia Energy \u00e8 un'azienda leader nel settore delle energie rinnovabili, specializzata in soluzioni decarbonizzate che includono progetti fotovoltaici, eolici e di accumulo di energia","publisher":{"@id":"http:\/\/prosolia.com\/it\/#organization"},"potentialAction":[{"@type":"SearchAction","target":{"@type":"EntryPoint","urlTemplate":"http:\/\/prosolia.com\/it\/?s={search_term_string}"},"query-input":{"@type":"PropertyValueSpecification","valueRequired":true,"valueName":"search_term_string"}}],"inLanguage":"it-IT"},{"@type":"Organization","@id":"http:\/\/prosolia.com\/it\/#organization","name":"Prosolia Energy","url":"http:\/\/prosolia.com\/it\/","logo":{"@type":"ImageObject","inLanguage":"it-IT","@id":"http:\/\/prosolia.com\/it\/#\/schema\/logo\/image\/","url":"https:\/\/prosolia.com\/app\/uploads\/2026\/03\/brand-logo-primary.png","contentUrl":"https:\/\/prosolia.com\/app\/uploads\/2026\/03\/brand-logo-primary.png","width":600,"height":600,"caption":"Prosolia Energy"},"image":{"@id":"http:\/\/prosolia.com\/it\/#\/schema\/logo\/image\/"},"sameAs":["https:\/\/x.com\/prosoliae","https:\/\/www.instagram.com\/prosolia_energy\/","https:\/\/es.linkedin.com\/company\/prosolia-energy-group","https:\/\/www.youtube.com\/channel\/UCg-iDtdvSYu0xBqkhSs6aRw"]},{"@type":"Person","@id":"http:\/\/prosolia.com\/it\/#\/schema\/person\/4db750adf250a9820ffe672eba7cc585","name":"Monica","image":{"@type":"ImageObject","inLanguage":"it-IT","@id":"http:\/\/prosolia.com\/it\/#\/schema\/person\/image\/","url":"https:\/\/secure.gravatar.com\/avatar\/8a69480787a21a894410250b44bebb1fd0efb50277a643402ca3ad35f15cf567?s=96&d=mm&r=g","contentUrl":"https:\/\/secure.gravatar.com\/avatar\/8a69480787a21a894410250b44bebb1fd0efb50277a643402ca3ad35f15cf567?s=96&d=mm&r=g","caption":"Monica"},"url":"https:\/\/prosolia.com\/it\/author\/monicacafarelli\/"}]}},"_links":{"self":[{"href":"https:\/\/prosolia.com\/it\/wp-json\/wp\/v2\/posts\/15325","targetHints":{"allow":["GET"]}}],"collection":[{"href":"https:\/\/prosolia.com\/it\/wp-json\/wp\/v2\/posts"}],"about":[{"href":"https:\/\/prosolia.com\/it\/wp-json\/wp\/v2\/types\/post"}],"author":[{"embeddable":true,"href":"https:\/\/prosolia.com\/it\/wp-json\/wp\/v2\/users\/11"}],"replies":[{"embeddable":true,"href":"https:\/\/prosolia.com\/it\/wp-json\/wp\/v2\/comments?post=15325"}],"version-history":[{"count":8,"href":"https:\/\/prosolia.com\/it\/wp-json\/wp\/v2\/posts\/15325\/revisions"}],"predecessor-version":[{"id":15452,"href":"https:\/\/prosolia.com\/it\/wp-json\/wp\/v2\/posts\/15325\/revisions\/15452"}],"wp:featuredmedia":[{"embeddable":true,"href":"https:\/\/prosolia.com\/it\/wp-json\/wp\/v2\/media\/8867"}],"wp:attachment":[{"href":"https:\/\/prosolia.com\/it\/wp-json\/wp\/v2\/media?parent=15325"}],"wp:term":[{"taxonomy":"category","embeddable":true,"href":"https:\/\/prosolia.com\/it\/wp-json\/wp\/v2\/categories?post=15325"},{"taxonomy":"post_tag","embeddable":true,"href":"https:\/\/prosolia.com\/it\/wp-json\/wp\/v2\/tags?post=15325"}],"curies":[{"name":"wp","href":"https:\/\/api.w.org\/{rel}","templated":true}]}}